{"id":1697,"date":"2025-02-01T19:33:55","date_gmt":"2025-02-01T18:33:55","guid":{"rendered":"https:\/\/www.wwc-stuttgart.de\/?p=1697"},"modified":"2025-02-01T19:34:23","modified_gmt":"2025-02-01T18:34:23","slug":"schiesstermine-2024","status":"publish","type":"post","link":"https:\/\/www.wwc-stuttgart.de\/events\/2025\/02\/01\/schiesstermine-2024\/","title":{"rendered":""},"content":{"rendered":"\n<p class=\"has-text-align-center\" style=\"font-size:27px\"><strong>Unsere Veranstaltungstermine, findet Ihr zuk\u00fcnftig immer aktualisiert, im Reiter Schie\u00dftermine!<\/strong><\/p>\n\n\n\n<p>Da die Trap-Anlage momentan funktionell eingeschr\u00e4nkt ist, gibt es derzeit eine Zwischenl\u00f6sung durch ein jagdliches Programm.<\/p>\n\n\n\n<p><strong>Achtung! <\/strong><\/p>\n\n\n\n<p><strong>Die Anlage darf derzeit ohne Einweisung nicht eingeschaltet werden, da es aktuell Besonderheiten im Ablauf gibt.<\/strong><\/p>\n\n\n\n<p><\/p>\n\n\n\n<p class=\"has-vivid-red-color has-text-color has-link-color wp-elements-c32aff39ed030e393772560d7f3d4bf7\">Link zur Terminplanung f\u00fcr 2025 folgt noch.<\/p>\n\n\n\n<p class=\"has-vivid-red-color has-text-color has-link-color wp-elements-c9365267f914bd71ea50e5e539e3962b\"><\/p>\n\n\n\n<p class=\"has-medium-font-size\"><\/p>\n\n\n\n<p class=\"has-medium-font-size\"><\/p>\n\n\n\n<p><\/p>\n","protected":false},"excerpt":{"rendered":"<p>Unsere Veranstaltungstermine, findet Ihr zuk\u00fcnftig immer aktualisiert, im Reiter Schie\u00dftermine! Da die Trap-Anlage momentan funktionell eingeschr\u00e4nkt ist, gibt es derzeit eine Zwischenl\u00f6sung durch ein jagdliches Programm. Achtung! Die Anlage darf &hellip; <\/p>\n<p class=\"link-more\"><a href=\"https:\/\/www.wwc-stuttgart.de\/events\/2025\/02\/01\/schiesstermine-2024\/\" class=\"more-link\"><span class=\"screen-reader-text\">\u201e\u201c <\/span>weiterlesen<\/a><\/p>\n","protected":false},"author":5,"featured_media":0,"comment_status":"closed","ping_status":"","sticky":false,"template":"","format":"standard","meta":{"footnotes":""},"categories":[1],"tags":[],"class_list":["post-1697","post","type-post","status-publish","format-standard","hentry","category-allgemein"],"_links":{"self":[{"href":"https:\/\/www.wwc-stuttgart.de\/events\/wp-json\/wp\/v2\/posts\/1697","targetHints":{"allow":["GET"]}}],"collection":[{"href":"https:\/\/www.wwc-stuttgart.de\/events\/wp-json\/wp\/v2\/posts"}],"about":[{"href":"https:\/\/www.wwc-stuttgart.de\/events\/wp-json\/wp\/v2\/types\/post"}],"author":[{"embeddable":true,"href":"https:\/\/www.wwc-stuttgart.de\/events\/wp-json\/wp\/v2\/users\/5"}],"replies":[{"embeddable":true,"href":"https:\/\/www.wwc-stuttgart.de\/events\/wp-json\/wp\/v2\/comments?post=1697"}],"version-history":[{"count":61,"href":"https:\/\/www.wwc-stuttgart.de\/events\/wp-json\/wp\/v2\/posts\/1697\/revisions"}],"predecessor-version":[{"id":2164,"href":"https:\/\/www.wwc-stuttgart.de\/events\/wp-json\/wp\/v2\/posts\/1697\/revisions\/2164"}],"wp:attachment":[{"href":"https:\/\/www.wwc-stuttgart.de\/events\/wp-json\/wp\/v2\/media?parent=1697"}],"wp:term":[{"taxonomy":"category","embeddable":true,"href":"https:\/\/www.wwc-stuttgart.de\/events\/wp-json\/wp\/v2\/categories?post=1697"},{"taxonomy":"post_tag","embeddable":true,"href":"https:\/\/www.wwc-stuttgart.de\/events\/wp-json\/wp\/v2\/tags?post=1697"}],"curies":[{"name":"wp","href":"https:\/\/api.w.org\/{rel}","templated":true}]}}